{"id":2775,"date":"2022-08-30T11:27:15","date_gmt":"2022-08-30T09:27:15","guid":{"rendered":"https:\/\/ollercontract.com\/?p=2775"},"modified":"2022-08-30T11:27:15","modified_gmt":"2022-08-30T09:27:15","slug":"interiorisme-comercial-imprescindible-en-el-home-staging","status":"publish","type":"post","link":"https:\/\/ollercontract.com\/ca\/interiorisme-comercial-imprescindible-en-el-home-staging\/","title":{"rendered":"Interiorisme comercial, imprescindible en el Home Staging"},"content":{"rendered":"<p><div class=\"fusion-fullwidth fullwidth-box fusion-builder-row-1 nonhundred-percent-fullwidth non-hundred-percent-height-scrolling fusion-equal-height-columns\" style=\"--awb-border-radius-top-left:0px;--awb-border-radius-top-right:0px;--awb-border-radius-bottom-right:0px;--awb-border-radius-bottom-left:0px;--awb-flex-wrap:wrap;\" ><div class=\"fusion-builder-row fusion-row\"><div class=\"fusion-layout-column fusion_builder_column fusion-builder-column-0 fusion_builder_column_1_2 1_2 fusion-one-half fusion-column-first\" style=\"--awb-bg-size:cover;width:50%;width:calc(50% - ( ( 4% ) * 0.5 ) );margin-right: 4%;\"><div class=\"fusion-column-wrapper fusion-column-has-shadow fusion-flex-column-wrapper-legacy\"><div class=\"fusion-column-content-centered\"><div class=\"fusion-column-content\"><div class=\"fusion-text fusion-text-1\"><p>El Home Staging consisteix a fer una posada en escena d&#8217;una resid\u00e8ncia privada per vendre-la al mercat immobiliari. M\u00e9s que decorar, el que es busca \u00e9s atraure nous clients que s&#8217;imaginin vivint all\u00e0. Per assolir el m\u00e0xim de p\u00fablic possible, sempre es fan servir <strong>elements neutres i lleugers que s&#8217;adaptin a tot tipus de personalitats i estils.<\/strong><\/p>\n<p>Quin \u00e9s el paper del interiorisme comercial en aquest aspecte?<\/p>\n<\/div><\/div><\/div><div class=\"fusion-clearfix\"><\/div><\/div><\/div><div class=\"fusion-layout-column fusion_builder_column fusion-builder-column-1 fusion_builder_column_1_2 1_2 fusion-one-half fusion-column-last\" style=\"--awb-bg-size:cover;width:50%;width:calc(50% - ( ( 4% ) * 0.5 ) );\"><div class=\"fusion-column-wrapper fusion-column-has-shadow fusion-flex-column-wrapper-legacy\"><div class=\"fusion-column-content-centered\"><div class=\"fusion-column-content\"><div class=\"fusion-image-element in-legacy-container\" style=\"--awb-caption-title-font-family:var(--h2_typography-font-family);--awb-caption-title-font-weight:var(--h2_typography-font-weight);--awb-caption-title-font-style:var(--h2_typography-font-style);--awb-caption-title-size:var(--h2_typography-font-size);--awb-caption-title-transform:var(--h2_typography-text-transform);--awb-caption-title-line-height:var(--h2_typography-line-height);--awb-caption-title-letter-spacing:var(--h2_typography-letter-spacing);\"><span class=\" fusion-imageframe imageframe-none imageframe-1 hover-type-none\"><img decoding=\"async\" width=\"591\" height=\"443\" alt=\"Interiorismo comercial, imprescindible en el Home Staging\" title=\"interiorismo-comercial-imprescindible-en-el-home-staging-art\" src=\"https:\/\/ollercontract.com\/wp-content\/uploads\/interiorismo-comercial-imprescindible-en-el-home-staging-art.jpg\" class=\"img-responsive wp-image-2781\" srcset=\"https:\/\/ollercontract.com\/wp-content\/uploads\/interiorismo-comercial-imprescindible-en-el-home-staging-art-200x150.jpg 200w, https:\/\/ollercontract.com\/wp-content\/uploads\/interiorismo-comercial-imprescindible-en-el-home-staging-art-400x300.jpg 400w, https:\/\/ollercontract.com\/wp-content\/uploads\/interiorismo-comercial-imprescindible-en-el-home-staging-art.jpg 591w\" sizes=\"(max-width: 800px) 100vw, 591px\" \/><\/span><\/div><\/div><\/div><div class=\"fusion-clearfix\"><\/div><\/div><\/div><\/div><\/div><div class=\"fusion-fullwidth fullwidth-box fusion-builder-row-2 nonhundred-percent-fullwidth non-hundred-percent-height-scrolling\" style=\"--awb-border-radius-top-left:0px;--awb-border-radius-top-right:0px;--awb-border-radius-bottom-right:0px;--awb-border-radius-bottom-left:0px;--awb-margin-top:50px;--awb-flex-wrap:wrap;\" ><div class=\"fusion-builder-row fusion-row\"><div class=\"fusion-layout-column fusion_builder_column fusion-builder-column-2 fusion_builder_column_1_1 1_1 fusion-one-full fusion-column-first fusion-column-last\" style=\"--awb-bg-size:cover;\"><div class=\"fusion-column-wrapper fusion-column-has-shadow fusion-flex-column-wrapper-legacy\"><div class=\"fusion-title title fusion-title-1 fusion-title-center fusion-title-text fusion-title-size-two\" style=\"--awb-margin-top-small:10px;--awb-margin-right-small:0px;--awb-margin-bottom-small:10px;--awb-margin-left-small:0px;\"><div class=\"title-sep-container title-sep-container-left\"><div class=\"title-sep sep-double sep-solid\" style=\"border-color:#e0dede;\"><\/div><\/div><span class=\"awb-title-spacer\"><\/span><h2 class=\"fusion-title-heading title-heading-center\" style=\"margin:0;\">Vendre vivendes abans amb t\u00e8cniques de interiorisme comercial<\/h2><span class=\"awb-title-spacer\"><\/span><div class=\"title-sep-container title-sep-container-right\"><div class=\"title-sep sep-double sep-solid\" style=\"border-color:#e0dede;\"><\/div><\/div><\/div><div class=\"fusion-text fusion-text-2 justificado\"><p>L&#8217;interiorisme comercial combina diferents t\u00e8cniques com l&#8217;\u00fas de mobiliari, il\u00b7luminaci\u00f3 i, com no podia ser altra manera, els t\u00e8xtils. T\u00e9 molt en com\u00fa amb l&#8217;interiorisme contract, de qu\u00e8 et vam parlar en <a href=\"\/ca\/que-es-l-interiorisme-contract\/\">aquest article<\/a>.<\/p>\n<p>Ho il\u00b7lustrem amb el seg\u00fcent exemple: alguna vegada has pensat que una habitaci\u00f3 es veia m\u00e9s petita buida que quan s&#8217;han col\u00b7locat les pertinences? Aquest fenomen passa sovint. Com que percebem la mida en relaci\u00f3 amb els elements que ens envolten, <strong>un pis buit sembla m\u00e9s petit que un que ja est\u00e0 moblat.<\/strong><\/p>\n<p>Per aix\u00f2, l\u02bb<strong>interiorisme comercial ajuda a dimensionar millor l\u02bbespai.<\/strong> Per\u00f2 tamb\u00e9 el fa m\u00e9s acollidor. I aqu\u00ed \u00e9s on entren en joc elements com les cortines o els coixins. Algunes caracter\u00edstiques que funcionen molt b\u00e9 per mantenir aquest estil despersonalitzat s\u00f3n les seg\u00fcents:<\/p>\n<ul>\n<li>Apostar per <strong>teixits clars en les <a href=\"\/ca\/fabricants-de-cortines\/\">cortines<\/a><\/strong>, si pot ser blanc trencat o color lli que permetin aprofitar al m\u00e0xim la llum solar.<\/li>\n<li>Ubicar <strong>coixins, mantes i catifes, que afegeixen contrast i textura<\/strong>.<\/li>\n<li>Col\u00b7locar plantes artificials que no deixin de banda l&#8217;aspecte <em>cozy<\/em>.<\/li>\n<\/ul>\n<p>Si busques un col\u00b7laborador professional que et pugui orientar en t\u00e8cniques d&#8217;interiorisme comercial per a Home Staging per vendre immobles r\u00e0pid, <strong>contacta amb l&#8217;equip d&#8217;Oller Contract.<\/strong> Explica&#8217;ns les teves necessitats i abordarem el teu projecte al detall.<\/p>\n<\/div><div class=\"fusion-button-wrapper fusion-aligncenter\"><a class=\"fusion-button button-flat fusion-button-default-size button-default fusion-button-default button-1 fusion-button-default-span fusion-button-default-type\" target=\"_self\" href=\"\/ca\/teles-barcelona\/\"><span class=\"fusion-button-text awb-button__text awb-button__text--default\">Contacte<\/span><\/a><\/div><div class=\"fusion-clearfix\"><\/div><\/div><\/div><\/div><\/div><\/p>\n","protected":false},"excerpt":{"rendered":"","protected":false},"author":2,"featured_media":2779,"comment_status":"closed","ping_status":"closed","sticky":false,"template":"","format":"standard","meta":{"footnotes":""},"categories":[4],"tags":[],"class_list":["post-2775","post","type-post","status-publish","format-standard","has-post-thumbnail","hentry","category-installador-cortines"],"yoast_head":"<!-- This site is optimized with the Yoast SEO plugin v27.4 - https:\/\/yoast.com\/product\/yoast-seo-wordpress\/ -->\n<title>Interiorisme comercial, imprescindible en el Home Staging - Oller<\/title>\n<meta name=\"description\" content=\"Si busques un col\u00b7laborador professional que et pugui orientar en t\u00e8cniques d&#039;interiorisme comercial per vendre immobles r\u00e0pid, llegeix aqu\u00ed.\" \/>\n<meta name=\"robots\" content=\"index, follow, max-snippet:-1, max-image-preview:large, max-video-preview:-1\" \/>\n<link rel=\"canonical\" href=\"https:\/\/ollercontract.com\/ca\/interiorisme-comercial-imprescindible-en-el-home-staging\/\" \/>\n<meta property=\"og:locale\" content=\"ca_ES\" \/>\n<meta property=\"og:type\" content=\"article\" \/>\n<meta property=\"og:title\" content=\"Interiorisme comercial, imprescindible en el Home Staging - Oller\" \/>\n<meta property=\"og:description\" content=\"Si busques un col\u00b7laborador professional que et pugui orientar en t\u00e8cniques d&#039;interiorisme comercial per vendre immobles r\u00e0pid, llegeix aqu\u00ed.\" \/>\n<meta property=\"og:url\" content=\"https:\/\/ollercontract.com\/ca\/interiorisme-comercial-imprescindible-en-el-home-staging\/\" \/>\n<meta property=\"og:site_name\" content=\"Oller Decoraci\u00f3\" \/>\n<meta property=\"article:published_time\" content=\"2022-08-30T09:27:15+00:00\" \/>\n<meta property=\"og:image\" content=\"https:\/\/ollercontract.com\/wp-content\/uploads\/interiorismo-comercial-imprescindible-en-el-home-staging.jpg\" \/>\n\t<meta property=\"og:image:width\" content=\"1100\" \/>\n\t<meta property=\"og:image:height\" content=\"825\" \/>\n\t<meta property=\"og:image:type\" content=\"image\/jpeg\" \/>\n<meta name=\"author\" content=\"Oller Contract\" \/>\n<meta name=\"twitter:card\" content=\"summary_large_image\" \/>\n<meta name=\"twitter:label1\" content=\"Escrit per\" \/>\n\t<meta name=\"twitter:data1\" content=\"Oller Contract\" \/>\n\t<meta name=\"twitter:label2\" content=\"Temps estimat de lectura\" \/>\n\t<meta name=\"twitter:data2\" content=\"5 minuts\" \/>\n<script type=\"application\/ld+json\" class=\"yoast-schema-graph\">{\"@context\":\"https:\\\/\\\/schema.org\",\"@graph\":[{\"@type\":\"Article\",\"@id\":\"https:\\\/\\\/ollercontract.com\\\/ca\\\/interiorisme-comercial-imprescindible-en-el-home-staging\\\/#article\",\"isPartOf\":{\"@id\":\"https:\\\/\\\/ollercontract.com\\\/ca\\\/interiorisme-comercial-imprescindible-en-el-home-staging\\\/\"},\"author\":{\"name\":\"Oller Contract\",\"@id\":\"https:\\\/\\\/ollercontract.com\\\/ca\\\/#\\\/schema\\\/person\\\/03c9ce8ff91db606b6ddeda76d3be4b8\"},\"headline\":\"Interiorisme comercial, imprescindible en el Home Staging\",\"datePublished\":\"2022-08-30T09:27:15+00:00\",\"mainEntityOfPage\":{\"@id\":\"https:\\\/\\\/ollercontract.com\\\/ca\\\/interiorisme-comercial-imprescindible-en-el-home-staging\\\/\"},\"wordCount\":2121,\"image\":{\"@id\":\"https:\\\/\\\/ollercontract.com\\\/ca\\\/interiorisme-comercial-imprescindible-en-el-home-staging\\\/#primaryimage\"},\"thumbnailUrl\":\"https:\\\/\\\/ollercontract.com\\\/wp-content\\\/uploads\\\/interiorismo-comercial-imprescindible-en-el-home-staging.jpg\",\"articleSection\":[\"Blog de cortines i decoraci\u00f3\"],\"inLanguage\":\"ca\"},{\"@type\":\"WebPage\",\"@id\":\"https:\\\/\\\/ollercontract.com\\\/ca\\\/interiorisme-comercial-imprescindible-en-el-home-staging\\\/\",\"url\":\"https:\\\/\\\/ollercontract.com\\\/ca\\\/interiorisme-comercial-imprescindible-en-el-home-staging\\\/\",\"name\":\"Interiorisme comercial, imprescindible en el Home Staging - Oller\",\"isPartOf\":{\"@id\":\"https:\\\/\\\/ollercontract.com\\\/ca\\\/#website\"},\"primaryImageOfPage\":{\"@id\":\"https:\\\/\\\/ollercontract.com\\\/ca\\\/interiorisme-comercial-imprescindible-en-el-home-staging\\\/#primaryimage\"},\"image\":{\"@id\":\"https:\\\/\\\/ollercontract.com\\\/ca\\\/interiorisme-comercial-imprescindible-en-el-home-staging\\\/#primaryimage\"},\"thumbnailUrl\":\"https:\\\/\\\/ollercontract.com\\\/wp-content\\\/uploads\\\/interiorismo-comercial-imprescindible-en-el-home-staging.jpg\",\"datePublished\":\"2022-08-30T09:27:15+00:00\",\"author\":{\"@id\":\"https:\\\/\\\/ollercontract.com\\\/ca\\\/#\\\/schema\\\/person\\\/03c9ce8ff91db606b6ddeda76d3be4b8\"},\"description\":\"Si busques un col\u00b7laborador professional que et pugui orientar en t\u00e8cniques d'interiorisme comercial per vendre immobles r\u00e0pid, llegeix aqu\u00ed.\",\"breadcrumb\":{\"@id\":\"https:\\\/\\\/ollercontract.com\\\/ca\\\/interiorisme-comercial-imprescindible-en-el-home-staging\\\/#breadcrumb\"},\"inLanguage\":\"ca\",\"potentialAction\":[{\"@type\":\"ReadAction\",\"target\":[\"https:\\\/\\\/ollercontract.com\\\/ca\\\/interiorisme-comercial-imprescindible-en-el-home-staging\\\/\"]}]},{\"@type\":\"ImageObject\",\"inLanguage\":\"ca\",\"@id\":\"https:\\\/\\\/ollercontract.com\\\/ca\\\/interiorisme-comercial-imprescindible-en-el-home-staging\\\/#primaryimage\",\"url\":\"https:\\\/\\\/ollercontract.com\\\/wp-content\\\/uploads\\\/interiorismo-comercial-imprescindible-en-el-home-staging.jpg\",\"contentUrl\":\"https:\\\/\\\/ollercontract.com\\\/wp-content\\\/uploads\\\/interiorismo-comercial-imprescindible-en-el-home-staging.jpg\",\"width\":1100,\"height\":825,\"caption\":\"Interiorismo comercial, imprescindible en el Home Staging\"},{\"@type\":\"BreadcrumbList\",\"@id\":\"https:\\\/\\\/ollercontract.com\\\/ca\\\/interiorisme-comercial-imprescindible-en-el-home-staging\\\/#breadcrumb\",\"itemListElement\":[{\"@type\":\"ListItem\",\"position\":1,\"name\":\"Home\",\"item\":\"https:\\\/\\\/ollercontract.com\\\/ca\\\/\"},{\"@type\":\"ListItem\",\"position\":2,\"name\":\"Interiorisme comercial, imprescindible en el Home Staging\"}]},{\"@type\":\"WebSite\",\"@id\":\"https:\\\/\\\/ollercontract.com\\\/ca\\\/#website\",\"url\":\"https:\\\/\\\/ollercontract.com\\\/ca\\\/\",\"name\":\"Oller Decoraci\u00f3\",\"description\":\"Tienda de pintura en Granollers\",\"potentialAction\":[{\"@type\":\"SearchAction\",\"target\":{\"@type\":\"EntryPoint\",\"urlTemplate\":\"https:\\\/\\\/ollercontract.com\\\/ca\\\/?s={search_term_string}\"},\"query-input\":{\"@type\":\"PropertyValueSpecification\",\"valueRequired\":true,\"valueName\":\"search_term_string\"}}],\"inLanguage\":\"ca\"},{\"@type\":\"Person\",\"@id\":\"https:\\\/\\\/ollercontract.com\\\/ca\\\/#\\\/schema\\\/person\\\/03c9ce8ff91db606b6ddeda76d3be4b8\",\"name\":\"Oller Contract\"}]}<\/script>\n<!-- \/ Yoast SEO plugin. -->","yoast_head_json":{"title":"Interiorisme comercial, imprescindible en el Home Staging - Oller","description":"Si busques un col\u00b7laborador professional que et pugui orientar en t\u00e8cniques d'interiorisme comercial per vendre immobles r\u00e0pid, llegeix aqu\u00ed.","robots":{"index":"index","follow":"follow","max-snippet":"max-snippet:-1","max-image-preview":"max-image-preview:large","max-video-preview":"max-video-preview:-1"},"canonical":"https:\/\/ollercontract.com\/ca\/interiorisme-comercial-imprescindible-en-el-home-staging\/","og_locale":"ca_ES","og_type":"article","og_title":"Interiorisme comercial, imprescindible en el Home Staging - Oller","og_description":"Si busques un col\u00b7laborador professional que et pugui orientar en t\u00e8cniques d'interiorisme comercial per vendre immobles r\u00e0pid, llegeix aqu\u00ed.","og_url":"https:\/\/ollercontract.com\/ca\/interiorisme-comercial-imprescindible-en-el-home-staging\/","og_site_name":"Oller Decoraci\u00f3","article_published_time":"2022-08-30T09:27:15+00:00","og_image":[{"width":1100,"height":825,"url":"https:\/\/ollercontract.com\/wp-content\/uploads\/interiorismo-comercial-imprescindible-en-el-home-staging.jpg","type":"image\/jpeg"}],"author":"Oller Contract","twitter_card":"summary_large_image","twitter_misc":{"Escrit per":"Oller Contract","Temps estimat de lectura":"5 minuts"},"schema":{"@context":"https:\/\/schema.org","@graph":[{"@type":"Article","@id":"https:\/\/ollercontract.com\/ca\/interiorisme-comercial-imprescindible-en-el-home-staging\/#article","isPartOf":{"@id":"https:\/\/ollercontract.com\/ca\/interiorisme-comercial-imprescindible-en-el-home-staging\/"},"author":{"name":"Oller Contract","@id":"https:\/\/ollercontract.com\/ca\/#\/schema\/person\/03c9ce8ff91db606b6ddeda76d3be4b8"},"headline":"Interiorisme comercial, imprescindible en el Home Staging","datePublished":"2022-08-30T09:27:15+00:00","mainEntityOfPage":{"@id":"https:\/\/ollercontract.com\/ca\/interiorisme-comercial-imprescindible-en-el-home-staging\/"},"wordCount":2121,"image":{"@id":"https:\/\/ollercontract.com\/ca\/interiorisme-comercial-imprescindible-en-el-home-staging\/#primaryimage"},"thumbnailUrl":"https:\/\/ollercontract.com\/wp-content\/uploads\/interiorismo-comercial-imprescindible-en-el-home-staging.jpg","articleSection":["Blog de cortines i decoraci\u00f3"],"inLanguage":"ca"},{"@type":"WebPage","@id":"https:\/\/ollercontract.com\/ca\/interiorisme-comercial-imprescindible-en-el-home-staging\/","url":"https:\/\/ollercontract.com\/ca\/interiorisme-comercial-imprescindible-en-el-home-staging\/","name":"Interiorisme comercial, imprescindible en el Home Staging - Oller","isPartOf":{"@id":"https:\/\/ollercontract.com\/ca\/#website"},"primaryImageOfPage":{"@id":"https:\/\/ollercontract.com\/ca\/interiorisme-comercial-imprescindible-en-el-home-staging\/#primaryimage"},"image":{"@id":"https:\/\/ollercontract.com\/ca\/interiorisme-comercial-imprescindible-en-el-home-staging\/#primaryimage"},"thumbnailUrl":"https:\/\/ollercontract.com\/wp-content\/uploads\/interiorismo-comercial-imprescindible-en-el-home-staging.jpg","datePublished":"2022-08-30T09:27:15+00:00","author":{"@id":"https:\/\/ollercontract.com\/ca\/#\/schema\/person\/03c9ce8ff91db606b6ddeda76d3be4b8"},"description":"Si busques un col\u00b7laborador professional que et pugui orientar en t\u00e8cniques d'interiorisme comercial per vendre immobles r\u00e0pid, llegeix aqu\u00ed.","breadcrumb":{"@id":"https:\/\/ollercontract.com\/ca\/interiorisme-comercial-imprescindible-en-el-home-staging\/#breadcrumb"},"inLanguage":"ca","potentialAction":[{"@type":"ReadAction","target":["https:\/\/ollercontract.com\/ca\/interiorisme-comercial-imprescindible-en-el-home-staging\/"]}]},{"@type":"ImageObject","inLanguage":"ca","@id":"https:\/\/ollercontract.com\/ca\/interiorisme-comercial-imprescindible-en-el-home-staging\/#primaryimage","url":"https:\/\/ollercontract.com\/wp-content\/uploads\/interiorismo-comercial-imprescindible-en-el-home-staging.jpg","contentUrl":"https:\/\/ollercontract.com\/wp-content\/uploads\/interiorismo-comercial-imprescindible-en-el-home-staging.jpg","width":1100,"height":825,"caption":"Interiorismo comercial, imprescindible en el Home Staging"},{"@type":"BreadcrumbList","@id":"https:\/\/ollercontract.com\/ca\/interiorisme-comercial-imprescindible-en-el-home-staging\/#breadcrumb","itemListElement":[{"@type":"ListItem","position":1,"name":"Home","item":"https:\/\/ollercontract.com\/ca\/"},{"@type":"ListItem","position":2,"name":"Interiorisme comercial, imprescindible en el Home Staging"}]},{"@type":"WebSite","@id":"https:\/\/ollercontract.com\/ca\/#website","url":"https:\/\/ollercontract.com\/ca\/","name":"Oller Decoraci\u00f3","description":"Tienda de pintura en Granollers","potentialAction":[{"@type":"SearchAction","target":{"@type":"EntryPoint","urlTemplate":"https:\/\/ollercontract.com\/ca\/?s={search_term_string}"},"query-input":{"@type":"PropertyValueSpecification","valueRequired":true,"valueName":"search_term_string"}}],"inLanguage":"ca"},{"@type":"Person","@id":"https:\/\/ollercontract.com\/ca\/#\/schema\/person\/03c9ce8ff91db606b6ddeda76d3be4b8","name":"Oller Contract"}]}},"_links":{"self":[{"href":"https:\/\/ollercontract.com\/ca\/wp-json\/wp\/v2\/posts\/2775","targetHints":{"allow":["GET"]}}],"collection":[{"href":"https:\/\/ollercontract.com\/ca\/wp-json\/wp\/v2\/posts"}],"about":[{"href":"https:\/\/ollercontract.com\/ca\/wp-json\/wp\/v2\/types\/post"}],"author":[{"embeddable":true,"href":"https:\/\/ollercontract.com\/ca\/wp-json\/wp\/v2\/users\/2"}],"replies":[{"embeddable":true,"href":"https:\/\/ollercontract.com\/ca\/wp-json\/wp\/v2\/comments?post=2775"}],"version-history":[{"count":5,"href":"https:\/\/ollercontract.com\/ca\/wp-json\/wp\/v2\/posts\/2775\/revisions"}],"predecessor-version":[{"id":2786,"href":"https:\/\/ollercontract.com\/ca\/wp-json\/wp\/v2\/posts\/2775\/revisions\/2786"}],"wp:featuredmedia":[{"embeddable":true,"href":"https:\/\/ollercontract.com\/ca\/wp-json\/wp\/v2\/media\/2779"}],"wp:attachment":[{"href":"https:\/\/ollercontract.com\/ca\/wp-json\/wp\/v2\/media?parent=2775"}],"wp:term":[{"taxonomy":"category","embeddable":true,"href":"https:\/\/ollercontract.com\/ca\/wp-json\/wp\/v2\/categories?post=2775"},{"taxonomy":"post_tag","embeddable":true,"href":"https:\/\/ollercontract.com\/ca\/wp-json\/wp\/v2\/tags?post=2775"}],"curies":[{"name":"wp","href":"https:\/\/api.w.org\/{rel}","templated":true}]}}