{"id":2461,"date":"2022-02-07T12:38:10","date_gmt":"2022-02-07T11:38:10","guid":{"rendered":"https:\/\/ollercontract.com\/?p=2461"},"modified":"2022-02-07T12:38:10","modified_gmt":"2022-02-07T11:38:10","slug":"5-materials-per-a-cortines-a-mida-que-has-de-coneixer","status":"publish","type":"post","link":"https:\/\/ollercontract.com\/ca\/5-materials-per-a-cortines-a-mida-que-has-de-coneixer\/","title":{"rendered":"5 materials per a cortines a mida que has de con\u00e8ixer"},"content":{"rendered":"<p><div class=\"fusion-fullwidth fullwidth-box fusion-builder-row-1 nonhundred-percent-fullwidth non-hundred-percent-height-scrolling fusion-equal-height-columns\" style=\"--awb-border-radius-top-left:0px;--awb-border-radius-top-right:0px;--awb-border-radius-bottom-right:0px;--awb-border-radius-bottom-left:0px;--awb-flex-wrap:wrap;\" ><div class=\"fusion-builder-row fusion-row\"><div class=\"fusion-layout-column fusion_builder_column fusion-builder-column-0 fusion_builder_column_1_2 1_2 fusion-one-half fusion-column-first\" style=\"--awb-bg-size:cover;width:50%;width:calc(50% - ( ( 4% ) * 0.5 ) );margin-right: 4%;\"><div class=\"fusion-column-wrapper fusion-column-has-shadow fusion-flex-column-wrapper-legacy\"><div class=\"fusion-column-content-centered\"><div class=\"fusion-column-content\"><div class=\"fusion-text fusion-text-1\"><p>Parlar de cortines a mida per al teu negoci o hotel \u00e9s parlar d\u2019exclusivitat. Les opcions s\u00f3n tan \u00e0mplies com la teva imaginaci\u00f3 et permeti.<\/p>\n<p>Abans de decantar-te per un tipus de disseny, \u00e9s important que tri\u00efs el material. Aquest \u00e9s l\u2019encarregat d\u2019aportar textura, tamisar la llum i definir la caiguda.<\/p>\n<p>Per ajudar-te, hem preparat aquest article on t&#8217;expliquem els <strong>avantatges i inconvenients dels materials m\u00e9s comuns en la fabricaci\u00f3 de cortines.<\/strong><\/p>\n<\/div><\/div><\/div><div class=\"fusion-clearfix\"><\/div><\/div><\/div><div class=\"fusion-layout-column fusion_builder_column fusion-builder-column-1 fusion_builder_column_1_2 1_2 fusion-one-half fusion-column-last\" style=\"--awb-bg-size:cover;width:50%;width:calc(50% - ( ( 4% ) * 0.5 ) );\"><div class=\"fusion-column-wrapper fusion-column-has-shadow fusion-flex-column-wrapper-legacy\"><div class=\"fusion-column-content-centered\"><div class=\"fusion-column-content\"><div class=\"fusion-image-element in-legacy-container\" style=\"--awb-caption-title-font-family:var(--h2_typography-font-family);--awb-caption-title-font-weight:var(--h2_typography-font-weight);--awb-caption-title-font-style:var(--h2_typography-font-style);--awb-caption-title-size:var(--h2_typography-font-size);--awb-caption-title-transform:var(--h2_typography-text-transform);--awb-caption-title-line-height:var(--h2_typography-line-height);--awb-caption-title-letter-spacing:var(--h2_typography-letter-spacing);\"><span class=\" fusion-imageframe imageframe-none imageframe-1 hover-type-none\"><img decoding=\"async\" width=\"591\" height=\"443\" alt=\"5 materiales para cortinas a medida que debes conocer\" title=\"5-materiales-para-cortinas-a-medida-que-debes-conocer-art\" src=\"https:\/\/ollercontract.com\/wp-content\/uploads\/5-materiales-para-cortinas-a-medida-que-debes-conocer-art.jpg\" class=\"img-responsive wp-image-2468\" srcset=\"https:\/\/ollercontract.com\/wp-content\/uploads\/5-materiales-para-cortinas-a-medida-que-debes-conocer-art-200x150.jpg 200w, https:\/\/ollercontract.com\/wp-content\/uploads\/5-materiales-para-cortinas-a-medida-que-debes-conocer-art-400x300.jpg 400w, https:\/\/ollercontract.com\/wp-content\/uploads\/5-materiales-para-cortinas-a-medida-que-debes-conocer-art.jpg 591w\" sizes=\"(max-width: 800px) 100vw, 591px\" \/><\/span><\/div><\/div><\/div><div class=\"fusion-clearfix\"><\/div><\/div><\/div><\/div><\/div><div class=\"fusion-fullwidth fullwidth-box fusion-builder-row-2 nonhundred-percent-fullwidth non-hundred-percent-height-scrolling\" style=\"--awb-border-radius-top-left:0px;--awb-border-radius-top-right:0px;--awb-border-radius-bottom-right:0px;--awb-border-radius-bottom-left:0px;--awb-margin-top:50px;--awb-flex-wrap:wrap;\" ><div class=\"fusion-builder-row fusion-row\"><div class=\"fusion-layout-column fusion_builder_column fusion-builder-column-2 fusion_builder_column_1_1 1_1 fusion-one-full fusion-column-first fusion-column-last\" style=\"--awb-bg-size:cover;\"><div class=\"fusion-column-wrapper fusion-column-has-shadow fusion-flex-column-wrapper-legacy\"><div class=\"fusion-title title fusion-title-1 fusion-title-center fusion-title-text fusion-title-size-two\" style=\"--awb-margin-top-small:10px;--awb-margin-right-small:0px;--awb-margin-bottom-small:10px;--awb-margin-left-small:0px;\"><div class=\"title-sep-container title-sep-container-left\"><div class=\"title-sep sep-double sep-solid\" style=\"border-color:#e0dede;\"><\/div><\/div><span class=\"awb-title-spacer\"><\/span><h2 class=\"fusion-title-heading title-heading-center\" style=\"margin:0;\">Pros i contres de 5 materials per a cortines a mida<\/h2><span class=\"awb-title-spacer\"><\/span><div class=\"title-sep-container title-sep-container-right\"><div class=\"title-sep sep-double sep-solid\" style=\"border-color:#e0dede;\"><\/div><\/div><\/div><div class=\"fusion-text fusion-text-2 justificado\"><ol>\n<li><strong>Cot\u00f3<\/strong>. Transpirable, sense qu\u00edmics, resistent, suau, confortable\u2026 Se&#8217;ns acaben els adjectius per descriure els avantatges del cot\u00f3, una fibra natural sense cap per\u00f2.<\/li>\n<li><strong>Lli<\/strong>. \u00c9s una fibra natural que prov\u00e9 de la planta linum usitatissimum. Sobretot, es fa servir per a cortines d&#8217;estiu perqu\u00e8 absorbeix un gran percentatge d&#8217;aigua gr\u00e0cies a la seva alta composici\u00f3 en cel\u00b7lulosa, restant humitat a l&#8217;ambient. El seu preu \u00e9s m\u00e9s elevat que altres materials, per\u00f2 es justifica per la seva gran qualitat.<\/li>\n<li><strong>Fibres de llana<\/strong>. A difer\u00e8ncia de l&#8217;anterior, la llana \u00e9s m\u00e9s convenient per a estacions fredes. Aporta una suavitat exclusiva. El seu origen \u00e9s 100% natural. \u00c9s dif\u00edcil trobar teixits que nom\u00e9s continguin aquest material; m\u00e9s aviat s&#8217;afegeix a altres composicions.<\/li>\n<li><strong>Viscosa<\/strong>. Admet de forma excel\u00b7lent els processos de tintura, per la qual cosa els seus dissenys s\u00f3n il\u00b7limitats. Encara que es considera una fibra artificial, prov\u00e9 de cel\u00b7lulosa regenerada, aix\u00ed que presenta caracter\u00edstiques gaireb\u00e9 id\u00e8ntiques a les fibres naturals.<\/li>\n<li><strong>Poli\u00e8ster<\/strong>. \u00c9s una fibra artificial amb qu\u00e8 s&#8217;aconsegueixen tot tipus de colors i acabats. Sens dubte, \u00e9s un dels materials m\u00e9s emprats en la confecci\u00f3 de cortines per la seva versatilitat. A m\u00e9s, triga molt de temps a fer-se malb\u00e9, \u00e9s lleuger i sol trobar-se a millors preus.<\/li>\n<\/ol>\n<p>Si voleu complementar la lectura d&#8217;aquest post, aqu\u00ed us deixem 2 suggeriments:<\/p>\n<ul>\n<li><a href=\"\/ca\/guia-rapida-de-cortines-per-a-hotels\/\">Guia r\u00e0pida de cortines per a hotels<\/a><\/li>\n<li><a href=\"\/ca\/cortines-fetes-a-mida-vs-cortines-estandard\/\">Cortines fetes a medida vs cortinas est\u00e0ndard<\/a><\/li>\n<\/ul>\n<p>Demana pressupost sense comprom\u00eds de cortines a mida, contactant amb Oller Contract.<\/p>\n<\/div><div class=\"fusion-button-wrapper fusion-aligncenter\"><a class=\"fusion-button button-flat fusion-button-default-size button-default fusion-button-default button-1 fusion-button-default-span fusion-button-default-type\" target=\"_self\" href=\"\/ca\/teles-barcelona\/\"><span class=\"fusion-button-text awb-button__text awb-button__text--default\">Contacte<\/span><\/a><\/div><div class=\"fusion-clearfix\"><\/div><\/div><\/div><\/div><\/div><\/p>\n","protected":false},"excerpt":{"rendered":"","protected":false},"author":2,"featured_media":2466,"comment_status":"closed","ping_status":"closed","sticky":false,"template":"","format":"standard","meta":{"footnotes":""},"categories":[4],"tags":[],"class_list":["post-2461","post","type-post","status-publish","format-standard","has-post-thumbnail","hentry","category-installador-cortines"],"yoast_head":"<!-- This site is optimized with the Yoast SEO plugin v27.4 - https:\/\/yoast.com\/product\/yoast-seo-wordpress\/ -->\n<title>5 materials per a cortines a mida que has de con\u00e8ixer - Oller Contract<\/title>\n<meta name=\"description\" content=\"Llegeix aqu\u00ed els avantatges i els inconvenients dels materials m\u00e9s comuns en la fabricaci\u00f3 de cortines a mida.\" \/>\n<meta name=\"robots\" content=\"index, follow, max-snippet:-1, max-image-preview:large, max-video-preview:-1\" \/>\n<link rel=\"canonical\" href=\"https:\/\/ollercontract.com\/ca\/5-materials-per-a-cortines-a-mida-que-has-de-coneixer\/\" \/>\n<meta property=\"og:locale\" content=\"ca_ES\" \/>\n<meta property=\"og:type\" content=\"article\" \/>\n<meta property=\"og:title\" content=\"5 materials per a cortines a mida que has de con\u00e8ixer - Oller Contract\" \/>\n<meta property=\"og:description\" content=\"Llegeix aqu\u00ed els avantatges i els inconvenients dels materials m\u00e9s comuns en la fabricaci\u00f3 de cortines a mida.\" \/>\n<meta property=\"og:url\" content=\"https:\/\/ollercontract.com\/ca\/5-materials-per-a-cortines-a-mida-que-has-de-coneixer\/\" \/>\n<meta property=\"og:site_name\" content=\"Oller Decoraci\u00f3\" \/>\n<meta property=\"article:published_time\" content=\"2022-02-07T11:38:10+00:00\" \/>\n<meta property=\"og:image\" content=\"https:\/\/ollercontract.com\/wp-content\/uploads\/5-materiales-para-cortinas-a-medida-que-debes-conocer.jpg\" \/>\n\t<meta property=\"og:image:width\" content=\"1100\" \/>\n\t<meta property=\"og:image:height\" content=\"825\" \/>\n\t<meta property=\"og:image:type\" content=\"image\/jpeg\" \/>\n<meta name=\"author\" content=\"Oller Contract\" \/>\n<meta name=\"twitter:card\" content=\"summary_large_image\" \/>\n<meta name=\"twitter:label1\" content=\"Escrit per\" \/>\n\t<meta name=\"twitter:data1\" content=\"Oller Contract\" \/>\n\t<meta name=\"twitter:label2\" content=\"Temps estimat de lectura\" \/>\n\t<meta name=\"twitter:data2\" content=\"4 minuts\" \/>\n<script type=\"application\/ld+json\" class=\"yoast-schema-graph\">{\"@context\":\"https:\\\/\\\/schema.org\",\"@graph\":[{\"@type\":\"Article\",\"@id\":\"https:\\\/\\\/ollercontract.com\\\/ca\\\/5-materials-per-a-cortines-a-mida-que-has-de-coneixer\\\/#article\",\"isPartOf\":{\"@id\":\"https:\\\/\\\/ollercontract.com\\\/ca\\\/5-materials-per-a-cortines-a-mida-que-has-de-coneixer\\\/\"},\"author\":{\"name\":\"Oller Contract\",\"@id\":\"https:\\\/\\\/ollercontract.com\\\/ca\\\/#\\\/schema\\\/person\\\/03c9ce8ff91db606b6ddeda76d3be4b8\"},\"headline\":\"5 materials per a cortines a mida que has de con\u00e8ixer\",\"datePublished\":\"2022-02-07T11:38:10+00:00\",\"mainEntityOfPage\":{\"@id\":\"https:\\\/\\\/ollercontract.com\\\/ca\\\/5-materials-per-a-cortines-a-mida-que-has-de-coneixer\\\/\"},\"wordCount\":2164,\"image\":{\"@id\":\"https:\\\/\\\/ollercontract.com\\\/ca\\\/5-materials-per-a-cortines-a-mida-que-has-de-coneixer\\\/#primaryimage\"},\"thumbnailUrl\":\"https:\\\/\\\/ollercontract.com\\\/wp-content\\\/uploads\\\/5-materiales-para-cortinas-a-medida-que-debes-conocer.jpg\",\"articleSection\":[\"Blog de cortines i decoraci\u00f3\"],\"inLanguage\":\"ca\"},{\"@type\":\"WebPage\",\"@id\":\"https:\\\/\\\/ollercontract.com\\\/ca\\\/5-materials-per-a-cortines-a-mida-que-has-de-coneixer\\\/\",\"url\":\"https:\\\/\\\/ollercontract.com\\\/ca\\\/5-materials-per-a-cortines-a-mida-que-has-de-coneixer\\\/\",\"name\":\"5 materials per a cortines a mida que has de con\u00e8ixer - Oller Contract\",\"isPartOf\":{\"@id\":\"https:\\\/\\\/ollercontract.com\\\/ca\\\/#website\"},\"primaryImageOfPage\":{\"@id\":\"https:\\\/\\\/ollercontract.com\\\/ca\\\/5-materials-per-a-cortines-a-mida-que-has-de-coneixer\\\/#primaryimage\"},\"image\":{\"@id\":\"https:\\\/\\\/ollercontract.com\\\/ca\\\/5-materials-per-a-cortines-a-mida-que-has-de-coneixer\\\/#primaryimage\"},\"thumbnailUrl\":\"https:\\\/\\\/ollercontract.com\\\/wp-content\\\/uploads\\\/5-materiales-para-cortinas-a-medida-que-debes-conocer.jpg\",\"datePublished\":\"2022-02-07T11:38:10+00:00\",\"author\":{\"@id\":\"https:\\\/\\\/ollercontract.com\\\/ca\\\/#\\\/schema\\\/person\\\/03c9ce8ff91db606b6ddeda76d3be4b8\"},\"description\":\"Llegeix aqu\u00ed els avantatges i els inconvenients dels materials m\u00e9s comuns en la fabricaci\u00f3 de cortines a mida.\",\"breadcrumb\":{\"@id\":\"https:\\\/\\\/ollercontract.com\\\/ca\\\/5-materials-per-a-cortines-a-mida-que-has-de-coneixer\\\/#breadcrumb\"},\"inLanguage\":\"ca\",\"potentialAction\":[{\"@type\":\"ReadAction\",\"target\":[\"https:\\\/\\\/ollercontract.com\\\/ca\\\/5-materials-per-a-cortines-a-mida-que-has-de-coneixer\\\/\"]}]},{\"@type\":\"ImageObject\",\"inLanguage\":\"ca\",\"@id\":\"https:\\\/\\\/ollercontract.com\\\/ca\\\/5-materials-per-a-cortines-a-mida-que-has-de-coneixer\\\/#primaryimage\",\"url\":\"https:\\\/\\\/ollercontract.com\\\/wp-content\\\/uploads\\\/5-materiales-para-cortinas-a-medida-que-debes-conocer.jpg\",\"contentUrl\":\"https:\\\/\\\/ollercontract.com\\\/wp-content\\\/uploads\\\/5-materiales-para-cortinas-a-medida-que-debes-conocer.jpg\",\"width\":1100,\"height\":825,\"caption\":\"5 materiales para cortinas a medida que debes conocer\"},{\"@type\":\"BreadcrumbList\",\"@id\":\"https:\\\/\\\/ollercontract.com\\\/ca\\\/5-materials-per-a-cortines-a-mida-que-has-de-coneixer\\\/#breadcrumb\",\"itemListElement\":[{\"@type\":\"ListItem\",\"position\":1,\"name\":\"Home\",\"item\":\"https:\\\/\\\/ollercontract.com\\\/ca\\\/\"},{\"@type\":\"ListItem\",\"position\":2,\"name\":\"5 materials per a cortines a mida que has de con\u00e8ixer\"}]},{\"@type\":\"WebSite\",\"@id\":\"https:\\\/\\\/ollercontract.com\\\/ca\\\/#website\",\"url\":\"https:\\\/\\\/ollercontract.com\\\/ca\\\/\",\"name\":\"Oller Decoraci\u00f3\",\"description\":\"Tienda de pintura en Granollers\",\"potentialAction\":[{\"@type\":\"SearchAction\",\"target\":{\"@type\":\"EntryPoint\",\"urlTemplate\":\"https:\\\/\\\/ollercontract.com\\\/ca\\\/?s={search_term_string}\"},\"query-input\":{\"@type\":\"PropertyValueSpecification\",\"valueRequired\":true,\"valueName\":\"search_term_string\"}}],\"inLanguage\":\"ca\"},{\"@type\":\"Person\",\"@id\":\"https:\\\/\\\/ollercontract.com\\\/ca\\\/#\\\/schema\\\/person\\\/03c9ce8ff91db606b6ddeda76d3be4b8\",\"name\":\"Oller Contract\"}]}<\/script>\n<!-- \/ Yoast SEO plugin. -->","yoast_head_json":{"title":"5 materials per a cortines a mida que has de con\u00e8ixer - Oller Contract","description":"Llegeix aqu\u00ed els avantatges i els inconvenients dels materials m\u00e9s comuns en la fabricaci\u00f3 de cortines a mida.","robots":{"index":"index","follow":"follow","max-snippet":"max-snippet:-1","max-image-preview":"max-image-preview:large","max-video-preview":"max-video-preview:-1"},"canonical":"https:\/\/ollercontract.com\/ca\/5-materials-per-a-cortines-a-mida-que-has-de-coneixer\/","og_locale":"ca_ES","og_type":"article","og_title":"5 materials per a cortines a mida que has de con\u00e8ixer - Oller Contract","og_description":"Llegeix aqu\u00ed els avantatges i els inconvenients dels materials m\u00e9s comuns en la fabricaci\u00f3 de cortines a mida.","og_url":"https:\/\/ollercontract.com\/ca\/5-materials-per-a-cortines-a-mida-que-has-de-coneixer\/","og_site_name":"Oller Decoraci\u00f3","article_published_time":"2022-02-07T11:38:10+00:00","og_image":[{"width":1100,"height":825,"url":"https:\/\/ollercontract.com\/wp-content\/uploads\/5-materiales-para-cortinas-a-medida-que-debes-conocer.jpg","type":"image\/jpeg"}],"author":"Oller Contract","twitter_card":"summary_large_image","twitter_misc":{"Escrit per":"Oller Contract","Temps estimat de lectura":"4 minuts"},"schema":{"@context":"https:\/\/schema.org","@graph":[{"@type":"Article","@id":"https:\/\/ollercontract.com\/ca\/5-materials-per-a-cortines-a-mida-que-has-de-coneixer\/#article","isPartOf":{"@id":"https:\/\/ollercontract.com\/ca\/5-materials-per-a-cortines-a-mida-que-has-de-coneixer\/"},"author":{"name":"Oller Contract","@id":"https:\/\/ollercontract.com\/ca\/#\/schema\/person\/03c9ce8ff91db606b6ddeda76d3be4b8"},"headline":"5 materials per a cortines a mida que has de con\u00e8ixer","datePublished":"2022-02-07T11:38:10+00:00","mainEntityOfPage":{"@id":"https:\/\/ollercontract.com\/ca\/5-materials-per-a-cortines-a-mida-que-has-de-coneixer\/"},"wordCount":2164,"image":{"@id":"https:\/\/ollercontract.com\/ca\/5-materials-per-a-cortines-a-mida-que-has-de-coneixer\/#primaryimage"},"thumbnailUrl":"https:\/\/ollercontract.com\/wp-content\/uploads\/5-materiales-para-cortinas-a-medida-que-debes-conocer.jpg","articleSection":["Blog de cortines i decoraci\u00f3"],"inLanguage":"ca"},{"@type":"WebPage","@id":"https:\/\/ollercontract.com\/ca\/5-materials-per-a-cortines-a-mida-que-has-de-coneixer\/","url":"https:\/\/ollercontract.com\/ca\/5-materials-per-a-cortines-a-mida-que-has-de-coneixer\/","name":"5 materials per a cortines a mida que has de con\u00e8ixer - Oller Contract","isPartOf":{"@id":"https:\/\/ollercontract.com\/ca\/#website"},"primaryImageOfPage":{"@id":"https:\/\/ollercontract.com\/ca\/5-materials-per-a-cortines-a-mida-que-has-de-coneixer\/#primaryimage"},"image":{"@id":"https:\/\/ollercontract.com\/ca\/5-materials-per-a-cortines-a-mida-que-has-de-coneixer\/#primaryimage"},"thumbnailUrl":"https:\/\/ollercontract.com\/wp-content\/uploads\/5-materiales-para-cortinas-a-medida-que-debes-conocer.jpg","datePublished":"2022-02-07T11:38:10+00:00","author":{"@id":"https:\/\/ollercontract.com\/ca\/#\/schema\/person\/03c9ce8ff91db606b6ddeda76d3be4b8"},"description":"Llegeix aqu\u00ed els avantatges i els inconvenients dels materials m\u00e9s comuns en la fabricaci\u00f3 de cortines a mida.","breadcrumb":{"@id":"https:\/\/ollercontract.com\/ca\/5-materials-per-a-cortines-a-mida-que-has-de-coneixer\/#breadcrumb"},"inLanguage":"ca","potentialAction":[{"@type":"ReadAction","target":["https:\/\/ollercontract.com\/ca\/5-materials-per-a-cortines-a-mida-que-has-de-coneixer\/"]}]},{"@type":"ImageObject","inLanguage":"ca","@id":"https:\/\/ollercontract.com\/ca\/5-materials-per-a-cortines-a-mida-que-has-de-coneixer\/#primaryimage","url":"https:\/\/ollercontract.com\/wp-content\/uploads\/5-materiales-para-cortinas-a-medida-que-debes-conocer.jpg","contentUrl":"https:\/\/ollercontract.com\/wp-content\/uploads\/5-materiales-para-cortinas-a-medida-que-debes-conocer.jpg","width":1100,"height":825,"caption":"5 materiales para cortinas a medida que debes conocer"},{"@type":"BreadcrumbList","@id":"https:\/\/ollercontract.com\/ca\/5-materials-per-a-cortines-a-mida-que-has-de-coneixer\/#breadcrumb","itemListElement":[{"@type":"ListItem","position":1,"name":"Home","item":"https:\/\/ollercontract.com\/ca\/"},{"@type":"ListItem","position":2,"name":"5 materials per a cortines a mida que has de con\u00e8ixer"}]},{"@type":"WebSite","@id":"https:\/\/ollercontract.com\/ca\/#website","url":"https:\/\/ollercontract.com\/ca\/","name":"Oller Decoraci\u00f3","description":"Tienda de pintura en Granollers","potentialAction":[{"@type":"SearchAction","target":{"@type":"EntryPoint","urlTemplate":"https:\/\/ollercontract.com\/ca\/?s={search_term_string}"},"query-input":{"@type":"PropertyValueSpecification","valueRequired":true,"valueName":"search_term_string"}}],"inLanguage":"ca"},{"@type":"Person","@id":"https:\/\/ollercontract.com\/ca\/#\/schema\/person\/03c9ce8ff91db606b6ddeda76d3be4b8","name":"Oller Contract"}]}},"_links":{"self":[{"href":"https:\/\/ollercontract.com\/ca\/wp-json\/wp\/v2\/posts\/2461","targetHints":{"allow":["GET"]}}],"collection":[{"href":"https:\/\/ollercontract.com\/ca\/wp-json\/wp\/v2\/posts"}],"about":[{"href":"https:\/\/ollercontract.com\/ca\/wp-json\/wp\/v2\/types\/post"}],"author":[{"embeddable":true,"href":"https:\/\/ollercontract.com\/ca\/wp-json\/wp\/v2\/users\/2"}],"replies":[{"embeddable":true,"href":"https:\/\/ollercontract.com\/ca\/wp-json\/wp\/v2\/comments?post=2461"}],"version-history":[{"count":4,"href":"https:\/\/ollercontract.com\/ca\/wp-json\/wp\/v2\/posts\/2461\/revisions"}],"predecessor-version":[{"id":2473,"href":"https:\/\/ollercontract.com\/ca\/wp-json\/wp\/v2\/posts\/2461\/revisions\/2473"}],"wp:featuredmedia":[{"embeddable":true,"href":"https:\/\/ollercontract.com\/ca\/wp-json\/wp\/v2\/media\/2466"}],"wp:attachment":[{"href":"https:\/\/ollercontract.com\/ca\/wp-json\/wp\/v2\/media?parent=2461"}],"wp:term":[{"taxonomy":"category","embeddable":true,"href":"https:\/\/ollercontract.com\/ca\/wp-json\/wp\/v2\/categories?post=2461"},{"taxonomy":"post_tag","embeddable":true,"href":"https:\/\/ollercontract.com\/ca\/wp-json\/wp\/v2\/tags?post=2461"}],"curies":[{"name":"wp","href":"https:\/\/api.w.org\/{rel}","templated":true}]}}