{"id":2081,"date":"2021-05-25T09:47:00","date_gmt":"2021-05-25T07:47:00","guid":{"rendered":"https:\/\/ollercontract.com\/?p=2081"},"modified":"2021-05-25T09:47:00","modified_gmt":"2021-05-25T07:47:00","slug":"per-que-necessites-a-decoradors-d-oficines-en-3-raons","status":"publish","type":"post","link":"https:\/\/ollercontract.com\/ca\/per-que-necessites-a-decoradors-d-oficines-en-3-raons\/","title":{"rendered":"Per qu\u00e8 necessites a decoradors d\u2019oficines, en 3 raons"},"content":{"rendered":"<p><div class=\"fusion-fullwidth fullwidth-box fusion-builder-row-1 nonhundred-percent-fullwidth non-hundred-percent-height-scrolling fusion-equal-height-columns\" style=\"--awb-border-radius-top-left:0px;--awb-border-radius-top-right:0px;--awb-border-radius-bottom-right:0px;--awb-border-radius-bottom-left:0px;--awb-flex-wrap:wrap;\" ><div class=\"fusion-builder-row fusion-row\"><div class=\"fusion-layout-column fusion_builder_column fusion-builder-column-0 fusion_builder_column_1_2 1_2 fusion-one-half fusion-column-first\" style=\"--awb-bg-size:cover;width:50%;width:calc(50% - ( ( 4% ) * 0.5 ) );margin-right: 4%;\"><div class=\"fusion-column-wrapper fusion-column-has-shadow fusion-flex-column-wrapper-legacy\"><div class=\"fusion-column-content-centered\"><div class=\"fusion-column-content\"><div class=\"fusion-text fusion-text-1\"><p>Cada vegada es reivindica m\u00e9s la figura dels decoradors d&#8217;oficines. S&#8217;ha comprovat que els llocs de treball han de ser flexibles i han de fer sentir a gust als treballadors per aconseguir una major productivitat.<\/p>\n<p>I \u00e9s que cal recon\u00e8ixer que <strong>el concepte dels despatxos est\u00e0 essent modificat, sobretot des de l&#8217;arribada de la pand\u00e8mia de Covid-19.<\/strong><\/p>\n<p>En aquest article et mostrarem els aspectes positius de contactar amb un equip de decoradors d&#8217;oficines professional, a l&#8217;hora d&#8217;inaugurar o recondicionar l&#8217;oficina.<\/p>\n<\/div><\/div><\/div><div class=\"fusion-clearfix\"><\/div><\/div><\/div><div class=\"fusion-layout-column fusion_builder_column fusion-builder-column-1 fusion_builder_column_1_2 1_2 fusion-one-half fusion-column-last\" style=\"--awb-bg-size:cover;width:50%;width:calc(50% - ( ( 4% ) * 0.5 ) );\"><div class=\"fusion-column-wrapper fusion-column-has-shadow fusion-flex-column-wrapper-legacy\"><div class=\"fusion-column-content-centered\"><div class=\"fusion-column-content\"><div class=\"fusion-image-element in-legacy-container\" style=\"--awb-caption-title-font-family:var(--h2_typography-font-family);--awb-caption-title-font-weight:var(--h2_typography-font-weight);--awb-caption-title-font-style:var(--h2_typography-font-style);--awb-caption-title-size:var(--h2_typography-font-size);--awb-caption-title-transform:var(--h2_typography-text-transform);--awb-caption-title-line-height:var(--h2_typography-line-height);--awb-caption-title-letter-spacing:var(--h2_typography-letter-spacing);\"><span class=\" fusion-imageframe imageframe-none imageframe-1 hover-type-none\"><img decoding=\"async\" width=\"591\" height=\"443\" alt=\"Por qu\u00e9 necesitas a decoradores de oficinas en 3 razones\" title=\"por-que-necesitas-a-decoradores-de-oficinas-en-3-razones-art\" src=\"https:\/\/ollercontract.com\/wp-content\/uploads\/por-que-necesitas-a-decoradores-de-oficinas-en-3-razones-art.jpg\" class=\"img-responsive wp-image-2088\" srcset=\"https:\/\/ollercontract.com\/wp-content\/uploads\/por-que-necesitas-a-decoradores-de-oficinas-en-3-razones-art-200x150.jpg 200w, https:\/\/ollercontract.com\/wp-content\/uploads\/por-que-necesitas-a-decoradores-de-oficinas-en-3-razones-art-400x300.jpg 400w, https:\/\/ollercontract.com\/wp-content\/uploads\/por-que-necesitas-a-decoradores-de-oficinas-en-3-razones-art.jpg 591w\" sizes=\"(max-width: 800px) 100vw, 591px\" \/><\/span><\/div><\/div><\/div><div class=\"fusion-clearfix\"><\/div><\/div><\/div><\/div><\/div><div class=\"fusion-fullwidth fullwidth-box fusion-builder-row-2 nonhundred-percent-fullwidth non-hundred-percent-height-scrolling\" style=\"--awb-border-radius-top-left:0px;--awb-border-radius-top-right:0px;--awb-border-radius-bottom-right:0px;--awb-border-radius-bottom-left:0px;--awb-margin-top:50px;--awb-flex-wrap:wrap;\" ><div class=\"fusion-builder-row fusion-row\"><div class=\"fusion-layout-column fusion_builder_column fusion-builder-column-2 fusion_builder_column_1_1 1_1 fusion-one-full fusion-column-first fusion-column-last\" style=\"--awb-bg-size:cover;\"><div class=\"fusion-column-wrapper fusion-column-has-shadow fusion-flex-column-wrapper-legacy\"><div class=\"fusion-title title fusion-title-1 fusion-title-center fusion-title-text fusion-title-size-two\" style=\"--awb-margin-top-small:10px;--awb-margin-right-small:0px;--awb-margin-bottom-small:10px;--awb-margin-left-small:0px;\"><div class=\"title-sep-container title-sep-container-left\"><div class=\"title-sep sep-double sep-solid\" style=\"border-color:#e0dede;\"><\/div><\/div><span class=\"awb-title-spacer\"><\/span><h2 class=\"fusion-title-heading title-heading-center\" style=\"margin:0;\">Objectius que aconseguir\u00e0s amb un equip de decoradors d&#8217;oficines<\/h2><span class=\"awb-title-spacer\"><\/span><div class=\"title-sep-container title-sep-container-right\"><div class=\"title-sep sep-double sep-solid\" style=\"border-color:#e0dede;\"><\/div><\/div><\/div><div class=\"fusion-text fusion-text-2 justificado\"><p>Entre d\u2019altres avantatges, destaquem les seg\u00fcents:<\/p>\n<ol>\n<li><strong>Augmentar el benestar dels treballadors.<\/strong> No \u00e9s cap secret que hi ha estudis en qu\u00e8 es demostra com la decoraci\u00f3 de el lloc de treball est\u00e0 associada a la comoditat del treballador i, com a conseq\u00fc\u00e8ncia, tamb\u00e9 afecta el seu rendiment laboral. Els empleats feli\u00e7os s\u00f3n m\u00e9s productius. Per aix\u00f2, val la pena invertir en el disseny funcional dels seus espais.<\/li>\n<li><strong>Treure el m\u00e0xim rendiment del local.<\/strong> En algunes ocasions no es disposa de tots els m2 desitjats. Quan aix\u00f2 passa, la millor manera d&#8217;aprofitar la capacitat del local \u00e9s comptar amb un projecte d&#8217;interiorisme contract a c\u00e0rrec de professionals que assoleixen m\u00e9s amb menys.<\/li>\n<li><strong>Adaptar-se a les necessitats presents i futures.<\/strong> Si alguna cosa ens est\u00e0 ensenyant la crisi sanit\u00e0ria que estem vivint, \u00e9s que les exig\u00e8ncies del lloc de treball poden canviar de la nit al dia. Per posar un exemple, ara hi ha m\u00e9s treballadors que combinen la feina des de casa amb la presencial. No obstant aix\u00f2, segueixen requerint d&#8217;espais compartits per a realitzar reunions, visites amb clients, networking&#8230; Algunes de les noves tend\u00e8ncies apunten espais vers\u00e0tils que es puguin acomodar amb rapidesa a les funcions necess\u00e0ries.<\/li>\n<\/ol>\n<p>En un mercat tan competitiu, els decoradors d&#8217;oficines marquen la difer\u00e8ncia. Si tu tamb\u00e9 vols gaudir dels beneficis esmentats en aquest post, posa&#8217;t en contacte amb Oller Contract.<\/p>\n<\/div><div class=\"fusion-button-wrapper fusion-aligncenter\"><a class=\"fusion-button button-flat fusion-button-default-size button-default fusion-button-default button-1 fusion-button-default-span fusion-button-default-type\" target=\"_self\" href=\"\/ca\/teles-barcelona\/\"><span class=\"fusion-button-text awb-button__text awb-button__text--default\">Contacte<\/span><\/a><\/div><div class=\"fusion-clearfix\"><\/div><\/div><\/div><\/div><\/div><\/p>\n","protected":false},"excerpt":{"rendered":"","protected":false},"author":2,"featured_media":2086,"comment_status":"closed","ping_status":"closed","sticky":false,"template":"","format":"standard","meta":{"footnotes":""},"categories":[4],"tags":[],"class_list":["post-2081","post","type-post","status-publish","format-standard","has-post-thumbnail","hentry","category-installador-cortines"],"yoast_head":"<!-- This site is optimized with the Yoast SEO plugin v27.4 - https:\/\/yoast.com\/product\/yoast-seo-wordpress\/ -->\n<title>Per qu\u00e8 necessites a decoradors d\u2019oficines, en 3 raons - Oller Contract<\/title>\n<meta name=\"description\" content=\"En un mercat tan competitiu, els decoradors d&#039;oficines marquen la difer\u00e8ncia. Llegeix aquest post per saber per qu\u00e8 contractar professionals.\" \/>\n<meta name=\"robots\" content=\"index, follow, max-snippet:-1, max-image-preview:large, max-video-preview:-1\" \/>\n<link rel=\"canonical\" href=\"https:\/\/ollercontract.com\/ca\/per-que-necessites-a-decoradors-d-oficines-en-3-raons\/\" \/>\n<meta property=\"og:locale\" content=\"ca_ES\" \/>\n<meta property=\"og:type\" content=\"article\" \/>\n<meta property=\"og:title\" content=\"Per qu\u00e8 necessites a decoradors d\u2019oficines, en 3 raons - Oller Contract\" \/>\n<meta property=\"og:description\" content=\"En un mercat tan competitiu, els decoradors d&#039;oficines marquen la difer\u00e8ncia. Llegeix aquest post per saber per qu\u00e8 contractar professionals.\" \/>\n<meta property=\"og:url\" content=\"https:\/\/ollercontract.com\/ca\/per-que-necessites-a-decoradors-d-oficines-en-3-raons\/\" \/>\n<meta property=\"og:site_name\" content=\"Oller Decoraci\u00f3\" \/>\n<meta property=\"article:published_time\" content=\"2021-05-25T07:47:00+00:00\" \/>\n<meta property=\"og:image\" content=\"https:\/\/ollercontract.com\/wp-content\/uploads\/por-que-necesitas-a-decoradores-de-oficinas-en-3-razones.jpg\" \/>\n\t<meta property=\"og:image:width\" content=\"1100\" \/>\n\t<meta property=\"og:image:height\" content=\"825\" \/>\n\t<meta property=\"og:image:type\" content=\"image\/jpeg\" \/>\n<meta name=\"author\" content=\"Oller Contract\" \/>\n<meta name=\"twitter:card\" content=\"summary_large_image\" \/>\n<meta name=\"twitter:label1\" content=\"Escrit per\" \/>\n\t<meta name=\"twitter:data1\" content=\"Oller Contract\" \/>\n\t<meta name=\"twitter:label2\" content=\"Temps estimat de lectura\" \/>\n\t<meta name=\"twitter:data2\" content=\"4 minuts\" \/>\n<script type=\"application\/ld+json\" class=\"yoast-schema-graph\">{\"@context\":\"https:\\\/\\\/schema.org\",\"@graph\":[{\"@type\":\"Article\",\"@id\":\"https:\\\/\\\/ollercontract.com\\\/ca\\\/per-que-necessites-a-decoradors-d-oficines-en-3-raons\\\/#article\",\"isPartOf\":{\"@id\":\"https:\\\/\\\/ollercontract.com\\\/ca\\\/per-que-necessites-a-decoradors-d-oficines-en-3-raons\\\/\"},\"author\":{\"name\":\"Oller Contract\",\"@id\":\"https:\\\/\\\/ollercontract.com\\\/ca\\\/#\\\/schema\\\/person\\\/03c9ce8ff91db606b6ddeda76d3be4b8\"},\"headline\":\"Per qu\u00e8 necessites a decoradors d\u2019oficines, en 3 raons\",\"datePublished\":\"2021-05-25T07:47:00+00:00\",\"mainEntityOfPage\":{\"@id\":\"https:\\\/\\\/ollercontract.com\\\/ca\\\/per-que-necessites-a-decoradors-d-oficines-en-3-raons\\\/\"},\"wordCount\":2150,\"image\":{\"@id\":\"https:\\\/\\\/ollercontract.com\\\/ca\\\/per-que-necessites-a-decoradors-d-oficines-en-3-raons\\\/#primaryimage\"},\"thumbnailUrl\":\"https:\\\/\\\/ollercontract.com\\\/wp-content\\\/uploads\\\/por-que-necesitas-a-decoradores-de-oficinas-en-3-razones.jpg\",\"articleSection\":[\"Blog de cortines i decoraci\u00f3\"],\"inLanguage\":\"ca\"},{\"@type\":\"WebPage\",\"@id\":\"https:\\\/\\\/ollercontract.com\\\/ca\\\/per-que-necessites-a-decoradors-d-oficines-en-3-raons\\\/\",\"url\":\"https:\\\/\\\/ollercontract.com\\\/ca\\\/per-que-necessites-a-decoradors-d-oficines-en-3-raons\\\/\",\"name\":\"Per qu\u00e8 necessites a decoradors d\u2019oficines, en 3 raons - Oller Contract\",\"isPartOf\":{\"@id\":\"https:\\\/\\\/ollercontract.com\\\/ca\\\/#website\"},\"primaryImageOfPage\":{\"@id\":\"https:\\\/\\\/ollercontract.com\\\/ca\\\/per-que-necessites-a-decoradors-d-oficines-en-3-raons\\\/#primaryimage\"},\"image\":{\"@id\":\"https:\\\/\\\/ollercontract.com\\\/ca\\\/per-que-necessites-a-decoradors-d-oficines-en-3-raons\\\/#primaryimage\"},\"thumbnailUrl\":\"https:\\\/\\\/ollercontract.com\\\/wp-content\\\/uploads\\\/por-que-necesitas-a-decoradores-de-oficinas-en-3-razones.jpg\",\"datePublished\":\"2021-05-25T07:47:00+00:00\",\"author\":{\"@id\":\"https:\\\/\\\/ollercontract.com\\\/ca\\\/#\\\/schema\\\/person\\\/03c9ce8ff91db606b6ddeda76d3be4b8\"},\"description\":\"En un mercat tan competitiu, els decoradors d'oficines marquen la difer\u00e8ncia. Llegeix aquest post per saber per qu\u00e8 contractar professionals.\",\"breadcrumb\":{\"@id\":\"https:\\\/\\\/ollercontract.com\\\/ca\\\/per-que-necessites-a-decoradors-d-oficines-en-3-raons\\\/#breadcrumb\"},\"inLanguage\":\"ca\",\"potentialAction\":[{\"@type\":\"ReadAction\",\"target\":[\"https:\\\/\\\/ollercontract.com\\\/ca\\\/per-que-necessites-a-decoradors-d-oficines-en-3-raons\\\/\"]}]},{\"@type\":\"ImageObject\",\"inLanguage\":\"ca\",\"@id\":\"https:\\\/\\\/ollercontract.com\\\/ca\\\/per-que-necessites-a-decoradors-d-oficines-en-3-raons\\\/#primaryimage\",\"url\":\"https:\\\/\\\/ollercontract.com\\\/wp-content\\\/uploads\\\/por-que-necesitas-a-decoradores-de-oficinas-en-3-razones.jpg\",\"contentUrl\":\"https:\\\/\\\/ollercontract.com\\\/wp-content\\\/uploads\\\/por-que-necesitas-a-decoradores-de-oficinas-en-3-razones.jpg\",\"width\":1100,\"height\":825,\"caption\":\"Por qu\u00e9 necesitas a decoradores de oficinas en 3 razones\"},{\"@type\":\"BreadcrumbList\",\"@id\":\"https:\\\/\\\/ollercontract.com\\\/ca\\\/per-que-necessites-a-decoradors-d-oficines-en-3-raons\\\/#breadcrumb\",\"itemListElement\":[{\"@type\":\"ListItem\",\"position\":1,\"name\":\"Home\",\"item\":\"https:\\\/\\\/ollercontract.com\\\/ca\\\/\"},{\"@type\":\"ListItem\",\"position\":2,\"name\":\"Per qu\u00e8 necessites a decoradors d\u2019oficines, en 3 raons\"}]},{\"@type\":\"WebSite\",\"@id\":\"https:\\\/\\\/ollercontract.com\\\/ca\\\/#website\",\"url\":\"https:\\\/\\\/ollercontract.com\\\/ca\\\/\",\"name\":\"Oller Decoraci\u00f3\",\"description\":\"Tienda de pintura en Granollers\",\"potentialAction\":[{\"@type\":\"SearchAction\",\"target\":{\"@type\":\"EntryPoint\",\"urlTemplate\":\"https:\\\/\\\/ollercontract.com\\\/ca\\\/?s={search_term_string}\"},\"query-input\":{\"@type\":\"PropertyValueSpecification\",\"valueRequired\":true,\"valueName\":\"search_term_string\"}}],\"inLanguage\":\"ca\"},{\"@type\":\"Person\",\"@id\":\"https:\\\/\\\/ollercontract.com\\\/ca\\\/#\\\/schema\\\/person\\\/03c9ce8ff91db606b6ddeda76d3be4b8\",\"name\":\"Oller Contract\"}]}<\/script>\n<!-- \/ Yoast SEO plugin. -->","yoast_head_json":{"title":"Per qu\u00e8 necessites a decoradors d\u2019oficines, en 3 raons - Oller Contract","description":"En un mercat tan competitiu, els decoradors d'oficines marquen la difer\u00e8ncia. Llegeix aquest post per saber per qu\u00e8 contractar professionals.","robots":{"index":"index","follow":"follow","max-snippet":"max-snippet:-1","max-image-preview":"max-image-preview:large","max-video-preview":"max-video-preview:-1"},"canonical":"https:\/\/ollercontract.com\/ca\/per-que-necessites-a-decoradors-d-oficines-en-3-raons\/","og_locale":"ca_ES","og_type":"article","og_title":"Per qu\u00e8 necessites a decoradors d\u2019oficines, en 3 raons - Oller Contract","og_description":"En un mercat tan competitiu, els decoradors d'oficines marquen la difer\u00e8ncia. Llegeix aquest post per saber per qu\u00e8 contractar professionals.","og_url":"https:\/\/ollercontract.com\/ca\/per-que-necessites-a-decoradors-d-oficines-en-3-raons\/","og_site_name":"Oller Decoraci\u00f3","article_published_time":"2021-05-25T07:47:00+00:00","og_image":[{"width":1100,"height":825,"url":"https:\/\/ollercontract.com\/wp-content\/uploads\/por-que-necesitas-a-decoradores-de-oficinas-en-3-razones.jpg","type":"image\/jpeg"}],"author":"Oller Contract","twitter_card":"summary_large_image","twitter_misc":{"Escrit per":"Oller Contract","Temps estimat de lectura":"4 minuts"},"schema":{"@context":"https:\/\/schema.org","@graph":[{"@type":"Article","@id":"https:\/\/ollercontract.com\/ca\/per-que-necessites-a-decoradors-d-oficines-en-3-raons\/#article","isPartOf":{"@id":"https:\/\/ollercontract.com\/ca\/per-que-necessites-a-decoradors-d-oficines-en-3-raons\/"},"author":{"name":"Oller Contract","@id":"https:\/\/ollercontract.com\/ca\/#\/schema\/person\/03c9ce8ff91db606b6ddeda76d3be4b8"},"headline":"Per qu\u00e8 necessites a decoradors d\u2019oficines, en 3 raons","datePublished":"2021-05-25T07:47:00+00:00","mainEntityOfPage":{"@id":"https:\/\/ollercontract.com\/ca\/per-que-necessites-a-decoradors-d-oficines-en-3-raons\/"},"wordCount":2150,"image":{"@id":"https:\/\/ollercontract.com\/ca\/per-que-necessites-a-decoradors-d-oficines-en-3-raons\/#primaryimage"},"thumbnailUrl":"https:\/\/ollercontract.com\/wp-content\/uploads\/por-que-necesitas-a-decoradores-de-oficinas-en-3-razones.jpg","articleSection":["Blog de cortines i decoraci\u00f3"],"inLanguage":"ca"},{"@type":"WebPage","@id":"https:\/\/ollercontract.com\/ca\/per-que-necessites-a-decoradors-d-oficines-en-3-raons\/","url":"https:\/\/ollercontract.com\/ca\/per-que-necessites-a-decoradors-d-oficines-en-3-raons\/","name":"Per qu\u00e8 necessites a decoradors d\u2019oficines, en 3 raons - Oller Contract","isPartOf":{"@id":"https:\/\/ollercontract.com\/ca\/#website"},"primaryImageOfPage":{"@id":"https:\/\/ollercontract.com\/ca\/per-que-necessites-a-decoradors-d-oficines-en-3-raons\/#primaryimage"},"image":{"@id":"https:\/\/ollercontract.com\/ca\/per-que-necessites-a-decoradors-d-oficines-en-3-raons\/#primaryimage"},"thumbnailUrl":"https:\/\/ollercontract.com\/wp-content\/uploads\/por-que-necesitas-a-decoradores-de-oficinas-en-3-razones.jpg","datePublished":"2021-05-25T07:47:00+00:00","author":{"@id":"https:\/\/ollercontract.com\/ca\/#\/schema\/person\/03c9ce8ff91db606b6ddeda76d3be4b8"},"description":"En un mercat tan competitiu, els decoradors d'oficines marquen la difer\u00e8ncia. Llegeix aquest post per saber per qu\u00e8 contractar professionals.","breadcrumb":{"@id":"https:\/\/ollercontract.com\/ca\/per-que-necessites-a-decoradors-d-oficines-en-3-raons\/#breadcrumb"},"inLanguage":"ca","potentialAction":[{"@type":"ReadAction","target":["https:\/\/ollercontract.com\/ca\/per-que-necessites-a-decoradors-d-oficines-en-3-raons\/"]}]},{"@type":"ImageObject","inLanguage":"ca","@id":"https:\/\/ollercontract.com\/ca\/per-que-necessites-a-decoradors-d-oficines-en-3-raons\/#primaryimage","url":"https:\/\/ollercontract.com\/wp-content\/uploads\/por-que-necesitas-a-decoradores-de-oficinas-en-3-razones.jpg","contentUrl":"https:\/\/ollercontract.com\/wp-content\/uploads\/por-que-necesitas-a-decoradores-de-oficinas-en-3-razones.jpg","width":1100,"height":825,"caption":"Por qu\u00e9 necesitas a decoradores de oficinas en 3 razones"},{"@type":"BreadcrumbList","@id":"https:\/\/ollercontract.com\/ca\/per-que-necessites-a-decoradors-d-oficines-en-3-raons\/#breadcrumb","itemListElement":[{"@type":"ListItem","position":1,"name":"Home","item":"https:\/\/ollercontract.com\/ca\/"},{"@type":"ListItem","position":2,"name":"Per qu\u00e8 necessites a decoradors d\u2019oficines, en 3 raons"}]},{"@type":"WebSite","@id":"https:\/\/ollercontract.com\/ca\/#website","url":"https:\/\/ollercontract.com\/ca\/","name":"Oller Decoraci\u00f3","description":"Tienda de pintura en Granollers","potentialAction":[{"@type":"SearchAction","target":{"@type":"EntryPoint","urlTemplate":"https:\/\/ollercontract.com\/ca\/?s={search_term_string}"},"query-input":{"@type":"PropertyValueSpecification","valueRequired":true,"valueName":"search_term_string"}}],"inLanguage":"ca"},{"@type":"Person","@id":"https:\/\/ollercontract.com\/ca\/#\/schema\/person\/03c9ce8ff91db606b6ddeda76d3be4b8","name":"Oller Contract"}]}},"_links":{"self":[{"href":"https:\/\/ollercontract.com\/ca\/wp-json\/wp\/v2\/posts\/2081","targetHints":{"allow":["GET"]}}],"collection":[{"href":"https:\/\/ollercontract.com\/ca\/wp-json\/wp\/v2\/posts"}],"about":[{"href":"https:\/\/ollercontract.com\/ca\/wp-json\/wp\/v2\/types\/post"}],"author":[{"embeddable":true,"href":"https:\/\/ollercontract.com\/ca\/wp-json\/wp\/v2\/users\/2"}],"replies":[{"embeddable":true,"href":"https:\/\/ollercontract.com\/ca\/wp-json\/wp\/v2\/comments?post=2081"}],"version-history":[{"count":5,"href":"https:\/\/ollercontract.com\/ca\/wp-json\/wp\/v2\/posts\/2081\/revisions"}],"predecessor-version":[{"id":2095,"href":"https:\/\/ollercontract.com\/ca\/wp-json\/wp\/v2\/posts\/2081\/revisions\/2095"}],"wp:featuredmedia":[{"embeddable":true,"href":"https:\/\/ollercontract.com\/ca\/wp-json\/wp\/v2\/media\/2086"}],"wp:attachment":[{"href":"https:\/\/ollercontract.com\/ca\/wp-json\/wp\/v2\/media?parent=2081"}],"wp:term":[{"taxonomy":"category","embeddable":true,"href":"https:\/\/ollercontract.com\/ca\/wp-json\/wp\/v2\/categories?post=2081"},{"taxonomy":"post_tag","embeddable":true,"href":"https:\/\/ollercontract.com\/ca\/wp-json\/wp\/v2\/tags?post=2081"}],"curies":[{"name":"wp","href":"https:\/\/api.w.org\/{rel}","templated":true}]}}